{"id":104,"date":"2014-04-08T09:45:50","date_gmt":"2014-04-08T09:45:50","guid":{"rendered":"http:\/\/eisenacher-aufbruch.de\/wordpress\/?p=104"},"modified":"2015-07-06T09:27:42","modified_gmt":"2015-07-06T09:27:42","slug":"kandidatenliste-zur-kommunalwahl-2014-aufgestellt","status":"publish","type":"post","link":"https:\/\/eisenacher-aufbruch.de\/wordpress\/kandidatenliste-zur-kommunalwahl-2014-aufgestellt\/","title":{"rendered":"Kandidatenliste zur Kommunalwahl 2014 aufgestellt"},"content":{"rendered":"<p>Am Sonnabend, den 5.4.2014 hat die Mitgliederversammlung des Eisenacher Aufbruch \u00fcber die Kernthemen ihres diesj\u00e4hrigen Kommunalwahlkampfs diskutiert und die Kandidatenliste f\u00fcr die Kommunalwahl aufgestellt.<\/p>\n<p>&#8211;&gt; hier die Kandidaten und die Liste: <a href=\"https:\/\/eisenacher-aufbruch.de\/wordpress\/wp-content\/uploads\/2014\/04\/EA-Kandidatenliste-Kommunalwahl-2014.pdf\">EA-Kandidatenliste Kommunalwahl 2014<\/a>\u00a0 <a href=\"https:\/\/eisenacher-aufbruch.de\/wordpress\/wp-content\/uploads\/2014\/04\/EA-Kandidaten-2014.jpg\"><img loading=\"lazy\" decoding=\"async\" class=\"alignnone size-medium wp-image-115\" alt=\"OLYMPUS DIGITAL CAMERA\" src=\"https:\/\/eisenacher-aufbruch.de\/wordpress\/wp-content\/uploads\/2014\/04\/EA-Kandidaten-2014-300x160.jpg\" width=\"300\" height=\"160\" srcset=\"https:\/\/eisenacher-aufbruch.de\/wordpress\/wp-content\/uploads\/2014\/04\/EA-Kandidaten-2014-300x160.jpg 300w, https:\/\/eisenacher-aufbruch.de\/wordpress\/wp-content\/uploads\/2014\/04\/EA-Kandidaten-2014-1024x547.jpg 1024w, https:\/\/eisenacher-aufbruch.de\/wordpress\/wp-content\/uploads\/2014\/04\/EA-Kandidaten-2014-500x267.jpg 500w\" sizes=\"auto, (max-width: 300px) 100vw, 300px\" \/><\/a><\/p>\n","protected":false},"excerpt":{"rendered":"<p>Am Sonnabend, den 5.4.2014 hat die Mitgliederversammlung des Eisenacher Aufbruch \u00fcber die Kernthemen ihres diesj\u00e4hrigen Kommunalwahlkampfs diskutiert und die Kandidatenliste f\u00fcr die Kommunalwahl aufgestellt. &#8211;&gt; hier die Kandidaten und die Liste: EA-Kandidatenliste Kommunalwahl 2014\u00a0 &hellip; <a class=\"more-link\" href=\"https:\/\/eisenacher-aufbruch.de\/wordpress\/kandidatenliste-zur-kommunalwahl-2014-aufgestellt\/\">Weiterlesen <span class=\"meta-nav\">&rarr;<\/span><\/a><\/p>\n","protected":false},"author":3,"featured_media":0,"comment_status":"open","ping_status":"closed","sticky":false,"template":"","format":"standard","meta":{"footnotes":""},"categories":[9],"tags":[],"class_list":["post-104","post","type-post","status-publish","format-standard","hentry","category-kommunalwahl_14"],"_links":{"self":[{"href":"https:\/\/eisenacher-aufbruch.de\/wordpress\/wp-json\/wp\/v2\/posts\/104","targetHints":{"allow":["GET"]}}],"collection":[{"href":"https:\/\/eisenacher-aufbruch.de\/wordpress\/wp-json\/wp\/v2\/posts"}],"about":[{"href":"https:\/\/eisenacher-aufbruch.de\/wordpress\/wp-json\/wp\/v2\/types\/post"}],"author":[{"embeddable":true,"href":"https:\/\/eisenacher-aufbruch.de\/wordpress\/wp-json\/wp\/v2\/users\/3"}],"replies":[{"embeddable":true,"href":"https:\/\/eisenacher-aufbruch.de\/wordpress\/wp-json\/wp\/v2\/comments?post=104"}],"version-history":[{"count":2,"href":"https:\/\/eisenacher-aufbruch.de\/wordpress\/wp-json\/wp\/v2\/posts\/104\/revisions"}],"predecessor-version":[{"id":116,"href":"https:\/\/eisenacher-aufbruch.de\/wordpress\/wp-json\/wp\/v2\/posts\/104\/revisions\/116"}],"wp:attachment":[{"href":"https:\/\/eisenacher-aufbruch.de\/wordpress\/wp-json\/wp\/v2\/media?parent=104"}],"wp:term":[{"taxonomy":"category","embeddable":true,"href":"https:\/\/eisenacher-aufbruch.de\/wordpress\/wp-json\/wp\/v2\/categories?post=104"},{"taxonomy":"post_tag","embeddable":true,"href":"https:\/\/eisenacher-aufbruch.de\/wordpress\/wp-json\/wp\/v2\/tags?post=104"}],"curies":[{"name":"wp","href":"https:\/\/api.w.org\/{rel}","templated":true}]}}