{"id":168320,"date":"2024-05-08T16:43:00","date_gmt":"2024-05-08T15:43:00","guid":{"rendered":"https:\/\/eisenacher-aufbruch.de\/wordpress\/?p=168320"},"modified":"2024-05-08T16:43:00","modified_gmt":"2024-05-08T15:43:00","slug":"musikschulgebuehren-steigen-zum-neuen-schuljahr-massiv","status":"publish","type":"post","link":"https:\/\/eisenacher-aufbruch.de\/wordpress\/musikschulgebuehren-steigen-zum-neuen-schuljahr-massiv\/","title":{"rendered":"Musikschulgeb\u00fchren steigen zum neuen Schuljahr massiv!"},"content":{"rendered":"<p>In einer Pressemitteilung vom 6.5.24 kritisiert das der Eisenacher Aufbruch:<\/p>\n<p>Vielen Musiksch\u00fclern und Musiksch\u00fclerinnen oder deren Eltern flattert in diesen Tagen Post ins Haus: ein Brief der Stadt Eisenach mit den neuen Unterrichtsgeb\u00fchren des Wartburgkreises. Ende 2023 hatten der Kreistag und der Eisenacher Stadtrat beschlossen, dass die Musikschule \u201eJohann Sebastian Bach\u201c in Eisenach mit der Musikschule des Wartburgkreises zusammengelegt wird.<br \/>\nNur Katrin Huber vom \u201eEisenacher Aufbruch\u201c hat damals nicht f\u00fcr die Zusammenlegung gestimmt und im Stadtrat die Frage aufgeworfen, was das f\u00fcr die Musikschulgeb\u00fchren bedeutet. Die Frage wurde nicht beantwortet. Jetzt wissen die Musiksch\u00fcler es: f\u00fcr viele Unterrichtsformen steigt die Geb\u00fchr um circa 50%! F\u00fcr Einzelunterricht (45 Minuten pro Woche) z.B. von bisher 55 Euro f\u00fcr Kinder und Jugendliche auf k\u00fcnftig 84 Euro. Bei Erwachsenen von 62 auf 100 Euro!<br \/>\nWie die Geb\u00fchrensatzung des Wartburgkreises aussieht, wusste die Stadtverwaltung bereits zum Zeitpunkt der Abstimmung im Eisenacher Stadtrat, nur offenbar hat es sie nicht interessiert! Manchen Stadtr\u00e4ten konnnte es auch gar nicht schnell genug gehen, die Musikschule als Kostenpunkt \u201eloszuwerden\u201c. OB Wolf und die Stadtverwaltung wollten mit dem Beschluss einen gro\u00dfen Ausgabenposten weg bekommen, um einen ausgeglichenen Haushalt vorlegen zu k\u00f6nnen \u2013 auf Kosten der Musiksch\u00fcler.<br \/>\nDer \u201eEisenacher Aufbruch\u201c fordert:<br \/>\nKeine Geb\u00fchrenerh\u00f6hung &#8211; Anwendung der bisherigen Eisenacher Musikschulgeb\u00fchren f\u00fcr den ganzen Wartburgkreis!<br \/>\nAusbau der F\u00f6rderung von Bildung, Kultur und Breitensport!<br \/>\nF\u00fcr ein lebenswertes, kulturvolles Eisenach!<\/p>\n","protected":false},"excerpt":{"rendered":"<p>In einer Pressemitteilung vom 6.5.24 kritisiert das der Eisenacher Aufbruch: Vielen Musiksch\u00fclern und Musiksch\u00fclerinnen oder deren Eltern flattert in diesen Tagen Post ins Haus: ein Brief der Stadt Eisenach mit den neuen Unterrichtsgeb\u00fchren des Wartburgkreises. Ende 2023 hatten der Kreistag &hellip; <a class=\"more-link\" href=\"https:\/\/eisenacher-aufbruch.de\/wordpress\/musikschulgebuehren-steigen-zum-neuen-schuljahr-massiv\/\">Weiterlesen <span class=\"meta-nav\">&rarr;<\/span><\/a><\/p>\n","protected":false},"author":2,"featured_media":0,"comment_status":"open","ping_status":"closed","sticky":false,"template":"","format":"standard","meta":{"footnotes":""},"categories":[1],"tags":[],"class_list":["post-168320","post","type-post","status-publish","format-standard","hentry","category-home"],"_links":{"self":[{"href":"https:\/\/eisenacher-aufbruch.de\/wordpress\/wp-json\/wp\/v2\/posts\/168320","targetHints":{"allow":["GET"]}}],"collection":[{"href":"https:\/\/eisenacher-aufbruch.de\/wordpress\/wp-json\/wp\/v2\/posts"}],"about":[{"href":"https:\/\/eisenacher-aufbruch.de\/wordpress\/wp-json\/wp\/v2\/types\/post"}],"author":[{"embeddable":true,"href":"https:\/\/eisenacher-aufbruch.de\/wordpress\/wp-json\/wp\/v2\/users\/2"}],"replies":[{"embeddable":true,"href":"https:\/\/eisenacher-aufbruch.de\/wordpress\/wp-json\/wp\/v2\/comments?post=168320"}],"version-history":[{"count":1,"href":"https:\/\/eisenacher-aufbruch.de\/wordpress\/wp-json\/wp\/v2\/posts\/168320\/revisions"}],"predecessor-version":[{"id":168321,"href":"https:\/\/eisenacher-aufbruch.de\/wordpress\/wp-json\/wp\/v2\/posts\/168320\/revisions\/168321"}],"wp:attachment":[{"href":"https:\/\/eisenacher-aufbruch.de\/wordpress\/wp-json\/wp\/v2\/media?parent=168320"}],"wp:term":[{"taxonomy":"category","embeddable":true,"href":"https:\/\/eisenacher-aufbruch.de\/wordpress\/wp-json\/wp\/v2\/categories?post=168320"},{"taxonomy":"post_tag","embeddable":true,"href":"https:\/\/eisenacher-aufbruch.de\/wordpress\/wp-json\/wp\/v2\/tags?post=168320"}],"curies":[{"name":"wp","href":"https:\/\/api.w.org\/{rel}","templated":true}]}}