{"id":168514,"date":"2025-08-30T14:44:51","date_gmt":"2025-08-30T13:44:51","guid":{"rendered":"https:\/\/eisenacher-aufbruch.de\/wordpress\/?p=168514"},"modified":"2025-08-30T14:48:59","modified_gmt":"2025-08-30T13:48:59","slug":"fatales-signal-und-schande-fuer-thueringen","status":"publish","type":"post","link":"https:\/\/eisenacher-aufbruch.de\/wordpress\/fatales-signal-und-schande-fuer-thueringen\/","title":{"rendered":"Fatales Signal und Schande f\u00fcr Th\u00fcringen"},"content":{"rendered":"<p><span style=\"color: #ff6600;\"><strong>Die Neubesetzung der Position des Burghauptmanns der Wartburg mit Martin Eberle.<\/strong><\/span><\/p>\n<p>Die Wartburg ist eine touristischer Hotspot in Th\u00fcringen. Zusammen mit Bachhaus und Lutherhaus zieht Eisenach daher j\u00e4hrlich hunderttausende ausl\u00e4ndische Besucher aus allen Erdteilen an. Da wundert man sich schon, dass f\u00fcr den kulturellen Spitzenposten in Eisenach, ein Mann ausgew\u00e4hlt wurde, der in Hessen seinen Spitzenposten als Chef des Museumsverbundes Hessen Kassel Heritage wegen Rassismus-Vorw\u00fcrfen r\u00e4umen musste.<\/p>\n<p>Mancher Journalist in der Funkemediengruppen glaubt, hierzulande zweifele wohl niemand an dessen pers\u00f6nlichen Integrit\u00e4t.\u00a0 (Allgemeiner Anzeiger vom 30.8.25.)\u00a0Das ist eine unzul\u00e4ssige Verallgemeinerung. Nur weil einige bekannte Th\u00fcringer Spitzenpolitiker haben dieser Personalie zusgetimmt. OB Ihling (CDU und Mitglied im Stiftungsrat), oder seine Vorg\u00e4ngerin Katja Wolf, heute Th\u00fcringens-Finanzministerin und Landrat Michael Brodf\u00fchrer (CDU) dieser Personalie zustimmten &#8211; hat dieser Mann das Vertrauen vieler Eisenacher B\u00fcrger nicht. Viele halten die Besetzung f\u00fcr einen Skandal und sch\u00e4digend f\u00fcr das Ansehen der Stadt.<\/p>\n<p>Hier Ausz\u00fcge aus dem Leserbrief an die TA unseres Mitglieds T. K\u00f6nig dazu:<\/p>\n<p>&#8222;Die Berufung von Martin Eberle als neuem Burghauptmann der Wartburg ist ein fatales Signal und eine Schande.\u00a0Martin Eberle wurde in Hessen wegen einer rassistischer\u00a0 \u00c4u\u00dferung zu recht <b>gek\u00fcndigt<\/b>.\u00a0In Th\u00fcringen hat man scheinbar kein Problem damit und ernnent ihn zum Burghauptmann &#8211; nach dem Motto:<em> &#8218;Alles halb so schlimm oder&#8216;?<\/em>\u00a0 Martin Eberle zu seiner uns\u00e4glichen \u00c4u\u00dferung: <em>&#8218;Ich habe einen dummen Satz gesagt, der mir unendlich leid tut.&#8216;<\/em><\/p>\n<p>Damit verharmlost er seine rassistische Gesinnung. Denn das war nicht einfach ein dummer Satz.\u00a0So was sagt man nicht einfach, das entspringt einer vorhandenen Denkweise. (Was er genau gesagt hat, will ich\u00a0nicht wiederholen, weil es so widerlich ist &#8211; kann man im Internet nachlesen.)<\/p>\n<p>Th\u00fcringens Kultusminister Tischner formuliert die Anforderung\u00a0 an den neuen Burghautpmann man wolle mit ihm die nationale und <b>internationale <\/b><b>Profilierung <\/b>weiter voranzutreiben. Was mit dem Berufung von Martin Eberle voran getrieben wird ist die <b>Besch\u00e4diung <\/b>des &#8218;h\u00f6chsten&#8216; Direktorenposten im Th\u00fcringer Kulturbetrieb.&#8220;<\/p>\n","protected":false},"excerpt":{"rendered":"<p>Die Neubesetzung der Position des Burghauptmanns der Wartburg mit Martin Eberle. Die Wartburg ist eine touristischer Hotspot in Th\u00fcringen. Zusammen mit Bachhaus und Lutherhaus zieht Eisenach daher j\u00e4hrlich hunderttausende ausl\u00e4ndische Besucher aus allen Erdteilen an. Da wundert man sich schon, &hellip; <a class=\"more-link\" href=\"https:\/\/eisenacher-aufbruch.de\/wordpress\/fatales-signal-und-schande-fuer-thueringen\/\">Weiterlesen <span class=\"meta-nav\">&rarr;<\/span><\/a><\/p>\n","protected":false},"author":3,"featured_media":0,"comment_status":"open","ping_status":"closed","sticky":false,"template":"","format":"standard","meta":{"footnotes":""},"categories":[1],"tags":[],"class_list":["post-168514","post","type-post","status-publish","format-standard","hentry","category-home"],"_links":{"self":[{"href":"https:\/\/eisenacher-aufbruch.de\/wordpress\/wp-json\/wp\/v2\/posts\/168514","targetHints":{"allow":["GET"]}}],"collection":[{"href":"https:\/\/eisenacher-aufbruch.de\/wordpress\/wp-json\/wp\/v2\/posts"}],"about":[{"href":"https:\/\/eisenacher-aufbruch.de\/wordpress\/wp-json\/wp\/v2\/types\/post"}],"author":[{"embeddable":true,"href":"https:\/\/eisenacher-aufbruch.de\/wordpress\/wp-json\/wp\/v2\/users\/3"}],"replies":[{"embeddable":true,"href":"https:\/\/eisenacher-aufbruch.de\/wordpress\/wp-json\/wp\/v2\/comments?post=168514"}],"version-history":[{"count":4,"href":"https:\/\/eisenacher-aufbruch.de\/wordpress\/wp-json\/wp\/v2\/posts\/168514\/revisions"}],"predecessor-version":[{"id":168518,"href":"https:\/\/eisenacher-aufbruch.de\/wordpress\/wp-json\/wp\/v2\/posts\/168514\/revisions\/168518"}],"wp:attachment":[{"href":"https:\/\/eisenacher-aufbruch.de\/wordpress\/wp-json\/wp\/v2\/media?parent=168514"}],"wp:term":[{"taxonomy":"category","embeddable":true,"href":"https:\/\/eisenacher-aufbruch.de\/wordpress\/wp-json\/wp\/v2\/categories?post=168514"},{"taxonomy":"post_tag","embeddable":true,"href":"https:\/\/eisenacher-aufbruch.de\/wordpress\/wp-json\/wp\/v2\/tags?post=168514"}],"curies":[{"name":"wp","href":"https:\/\/api.w.org\/{rel}","templated":true}]}}