{"id":168630,"date":"2026-04-30T11:54:51","date_gmt":"2026-04-30T10:54:51","guid":{"rendered":"https:\/\/eisenacher-aufbruch.de\/wordpress\/?p=168630"},"modified":"2026-04-30T11:56:21","modified_gmt":"2026-04-30T10:56:21","slug":"der-einwohnerantrag-zu-den-gymnasien-ist-zulaessig","status":"publish","type":"post","link":"https:\/\/eisenacher-aufbruch.de\/wordpress\/der-einwohnerantrag-zu-den-gymnasien-ist-zulaessig\/","title":{"rendered":"Der Einwohnerantrag zu den Gymnasien ist zul\u00e4ssig"},"content":{"rendered":"<p>Die Initiatorinnen des Einwohnerantrags an den Stadtrat zur Frage der Zusammenlegung der Gymnasien wurde gepr\u00fcft und als zul\u00e4ssig befunden. Dar\u00fcber wurde uns eine Pressemitteilung zugesandt &#8211; diese kann hier eingesehen werden: <span style=\"color: #ff6600;\"><a style=\"color: #ff6600;\" href=\"https:\/\/eisenacher-aufbruch.de\/wordpress\/wp-content\/uploads\/2026\/04\/PM-Einwohnerantrag-Uebergabe-.pdf\">Pressemitteilung Einwohnerantrag U\u0308bergabe<\/a><\/span>.<\/p>\n<p>Der Bildungsaussschuss der gestern (29.4.26) tagte, hat den Antrag mit 4:3 Stimmen bei einer Enthaltung abgelehnt. Dem Stadtrat wird der am 20.5.26 vorgelegt.<\/p>\n<p>Die betroffene Eisenacher Elternschaft braucht Unterst\u00fctzung f\u00fcr ihr Anliegen &#8211; damit nicht wie in der Eisenacher Stadtspitze \u00fcblich, \u00fcber die K\u00f6pfe der Betroffenen hinweg entschieden wird.<\/p>\n<p>Siehe auch die Stellungnahme des Vorstandes des Eisenacher Aufbruchs zum Thema vom 9.12.2025:\u00a0<a href=\"https:\/\/eisenacher-aufbruch.de\/wordpress\/wp-content\/uploads\/2026\/03\/251209-EA-Flyer-Schulzusammenlegung.pdf\"><span style=\"color: #ff6600;\">EA zur Schulzusammenlegung<\/span><\/a><\/p>\n","protected":false},"excerpt":{"rendered":"<p>Die Initiatorinnen des Einwohnerantrags an den Stadtrat zur Frage der Zusammenlegung der Gymnasien wurde gepr\u00fcft und als zul\u00e4ssig befunden. Dar\u00fcber wurde uns eine Pressemitteilung zugesandt &#8211; diese kann hier eingesehen werden: Pressemitteilung Einwohnerantrag U\u0308bergabe. Der Bildungsaussschuss der gestern (29.4.26) tagte, &hellip; <a class=\"more-link\" href=\"https:\/\/eisenacher-aufbruch.de\/wordpress\/der-einwohnerantrag-zu-den-gymnasien-ist-zulaessig\/\">Weiterlesen <span class=\"meta-nav\">&rarr;<\/span><\/a><\/p>\n","protected":false},"author":1,"featured_media":0,"comment_status":"open","ping_status":"closed","sticky":false,"template":"","format":"standard","meta":{"footnotes":""},"categories":[1],"tags":[],"class_list":["post-168630","post","type-post","status-publish","format-standard","hentry","category-home"],"_links":{"self":[{"href":"https:\/\/eisenacher-aufbruch.de\/wordpress\/wp-json\/wp\/v2\/posts\/168630","targetHints":{"allow":["GET"]}}],"collection":[{"href":"https:\/\/eisenacher-aufbruch.de\/wordpress\/wp-json\/wp\/v2\/posts"}],"about":[{"href":"https:\/\/eisenacher-aufbruch.de\/wordpress\/wp-json\/wp\/v2\/types\/post"}],"author":[{"embeddable":true,"href":"https:\/\/eisenacher-aufbruch.de\/wordpress\/wp-json\/wp\/v2\/users\/1"}],"replies":[{"embeddable":true,"href":"https:\/\/eisenacher-aufbruch.de\/wordpress\/wp-json\/wp\/v2\/comments?post=168630"}],"version-history":[{"count":3,"href":"https:\/\/eisenacher-aufbruch.de\/wordpress\/wp-json\/wp\/v2\/posts\/168630\/revisions"}],"predecessor-version":[{"id":168634,"href":"https:\/\/eisenacher-aufbruch.de\/wordpress\/wp-json\/wp\/v2\/posts\/168630\/revisions\/168634"}],"wp:attachment":[{"href":"https:\/\/eisenacher-aufbruch.de\/wordpress\/wp-json\/wp\/v2\/media?parent=168630"}],"wp:term":[{"taxonomy":"category","embeddable":true,"href":"https:\/\/eisenacher-aufbruch.de\/wordpress\/wp-json\/wp\/v2\/categories?post=168630"},{"taxonomy":"post_tag","embeddable":true,"href":"https:\/\/eisenacher-aufbruch.de\/wordpress\/wp-json\/wp\/v2\/tags?post=168630"}],"curies":[{"name":"wp","href":"https:\/\/api.w.org\/{rel}","templated":true}]}}